{"id":140801,"date":"2020-01-10T07:52:10","date_gmt":"2020-01-10T07:52:10","guid":{"rendered":"https:\/\/www.bnreport.com\/european-commission-fears-frenemy-infiltration\/"},"modified":"2020-01-10T07:52:10","modified_gmt":"2020-01-10T07:52:10","slug":"european-commission-fears-frenemy-infiltration","status":"publish","type":"post","link":"https:\/\/www.bnreport.com\/en\/european-commission-fears-frenemy-infiltration\/","title":{"rendered":"European Commission fears frenemy infiltration"},"content":{"rendered":"<p>As the new European Commission settles into office, some officials fear national governments and political parties have gained too much sway inside the EUs executive.<\/p>\n<p>Many Commission insiders take pride in their institutions status as guardian of the EU treaties. And some are alarmed that a significant number of commissioners and senior officials previously served as their countrys ambassador to the EU. As diplomats, theyre used to seeking guidance and taking orders from national governments rather than acting independently.<\/p>\n<p>Some also point to the number of officials with close ties to political parties who have found jobs in commissioners Cabinets \u2014 the personal offices composed of top aides who play a key advisory role.<\/p>\n<p>Before a new Commission takes office, governments and parties traditionally lobby hard to get people into key posts. But some say that process was much more aggressive this time around, as Ursula von der Leyens Commission took office last month.<\/p>\n<p>\u201cNever before did party political considerations and member states interests play such an important role, to the detriment of experience and unbiased professionalism,\u201d said one EU official.<\/p>\n<blockquote><p> \u201cIf the Commission becomes sort of an extension of the Council [of the EU], I think thats a development that I would at least not welcome\u201d \u2014 <em>Daniel Freund, MEP<\/em><\/p>\n<\/blockquote>\n<p>The official suggested meetings between Cabinets could be more like a gathering of EU ambassadors or the European Parliaments Conference of Presidents, the body composed of senior MEPs, \u201cto the detriment of supranational non-partisan EU interest.\u201d<\/p>\n<p>The process of filling Cabinets was \u201cmuch more\u201d politicized this time around, said a diplomat: \u201cPrime ministers were calling von der Leyen and commissioners even to ask for secretary positions.\u201d<\/p>\n<p>The diplomat described an arduous process whereby some countries diplomatic missions to the EU made lists of which commissioners will cover policy areas that are priorities for their capitals. They then went through thousands of resumes, and interviewed candidates before making recommendations for Commission Cabinets.<\/p>\n<h3>Diplomatic baggage<\/h3>\n<p>The new Commission boasts a group of former national permanent representatives to the EU. These include commissioners Janez Lenar\u010di\u010d of Slovenia and Oliv\u00e9r V\u00e1rhelyi of Hungary, both of whom moved directly from serving as their countries EU envoy. Denmarks Kim J\u00f8rgensen <a href=\"https:\/\/www.politico.eu\/article\/vestager-picks-denmarks-eu-ambassador-as-head-of-cabinet\/\" rel=\"noreferrer noopener\" target=\"_blank\">did the same<\/a> to become Executive Vice President Margrethe Vestagers head of Cabinet.<!--more--><\/p>\n<p> <img decoding=\"async\" src=\"https:\/\/www.politico.eu\/wp-content\/uploads\/2020\/01\/GettyImages-1172521310-1-714x476.jpg\"\/><\/p>\n<p>Vice President Maro\u0161 \u0160ef\u010dovi\u010d previously served as Slovakias permanent representative | Kenzo Tribouillard\/AFP via Getty Images<\/p>\n<p>Vice President Maro\u0161 \u0160ef\u010dovi\u010d is now a veteran commissioner but he too previously served as Slovakias permanent representative to the EU.<\/p>\n<p>These officials have pledged publicly to serve the whole EU rather than their home country in their new roles. They are also bound to do so under EU rules.<\/p>\n<p>But that has not stopped Commission officials worrying about encroachment by national governments onto their turf, particularly as some former deputy representatives to the EU are now heads of Cabinet for multiple commissioners.<\/p>\n<p>Among them are Neil Kerr of Malta, who heads the Cabinet of Equality Commissioner Helena Dalli, and Swedens \u00c5sa Webber, who performs the same role for Home Affairs Commissioner Ylva Johansson.<\/p>\n<p>Other Cabinet heads also have previous experience as national diplomats, including Antoine Kasel of Luxembourg, L\u00e1szl\u00f3 Krist\u00f3ffy of Hungary, Maciej Golubiewski of Poland and Colin Scicluna of Malta.<\/p>\n<blockquote><p> Staffers who worked for former European Parliament President Antonio Tajani appear to have been particularly successful in finding new jobs at the Commission.<\/p>\n<\/blockquote>\n<p>German MEP Daniel Freund, a leading campaigner for political transparency, said it is quite normal for commissioners to have the freedom to choose a small number of personal advisers.<\/p>\n<p>But, he said, \u201cif their Cabinets are basically stacked with representatives of member states, even if they have left the service of the member state, I think its at least something to keep an eye out for.\u201d<\/p>\n<p>He added: \u201cIf the Commission becomes at the highest political level sort of an extension of the Council [of the EU], I think thats a development that I, from the European Parliament, would at least not welcome.\u201d<\/p>\n<h3>Von der Leyen lays down law<\/h3>\n<p>Commission President von der Leyen, for her part, <a href=\"https:\/\/ec.europa.eu\/info\/sites\/info\/files\/rules-composition-cabinets.pdf\" rel=\"noreferrer noopener\" target=\"_blank\">has set out measures<\/a> intended to ensure no country has control of any policy area. Commissioners are required to have Cabinet members representing at least three different nationalities, while the head of Cabinet or deputy head of Cabinet must be of a different nationality from the commissioner.<\/p>\n<p>But such measures do little to address concerns that officials with close ties to leading politicians have also made it into influential positions in the Commission.<\/p>\n<p> <img decoding=\"async\" src=\"https:\/\/www.politico.eu\/wp-content\/uploads\/2020\/01\/GettyImages-1187940394-714x476.jpg\"\/><\/p>\n<p>Frans Timmermans hired Diederik Samsom, the former leader of his Dutch Labor Party, as his chief of Cabinet | Aris Oikonomou\/AFP via Getty Images<\/p>\n<p>Staffers who worked for former European Parliament President Antonio Tajani of the center-right European Peoples Party (EPP) appear to have been particularly successful in finding new jobs at the Commission.<\/p>\n<p>Two of the Italian politicians aides moved to the Cabinet of Bulgarian Commissioner Mariya Gabriel, who is in charge of innovation, youth and culture. One has gone to the office of Commission Vice President Dubravka \u0160uica of Croatia and the EPP, and another to the Cabinet of Hungarian Commissioner V\u00e1rhelyi.<\/p>\n<p>Other EPP veterans have also made the switch to Commission Cabinet posts. Dara Murphy, a former EPP election campaign director and Irish politician, is now a Cabinet expert in Gabriels office. And <a href=\"https:\/\/twitter.com\/brendaepp?lang=en\" rel=\"noreferrer noopener\" target=\"_blank\">Brenda Furniere<\/a>, who served as head of office for Joseph Daul, the former EPP president, is now a member of von der Leyens own Cabinet.<\/p>\n<p>Similarly, Commission Executive First Vice President Frans Timmermans hired Diederik Samsom, the former leader of his Dutch Labor Party, as his chief of Cabinet. And Jutta Urpilainen, the Finnish commissioner for international partnerships, hired a staffer who had previously served as a political secretary at her Social Democratic Party, before spending time at the Finnish finance ministry and a consultancy.<\/p>\n<blockquote><p> \u201cIts essential that all Cabinet members adhere to the same high standards that are expected of such officials\u201d \u2014 <em>Michiel van Hulten, director of Transparency International EU<\/em><\/p>\n<\/blockquote>\n<p>Ultimately, of course, the Commission is<a href=\"https:\/\/www.politico.eu\/article\/european-commission-fears-infiltration-from-frenemies-former-national-permanent-representatives-political-parties\/?utm_source=RSS_Feed&amp;utm_medium=RSS&amp;utm_campaign=RSS_Syndication\" rel=\"noreferrer noopener\" target=\"_blank\">Read More \u2013 Source<\/a><\/p>\n<p>[contf] [contfnew]         <img decoding=\"async\" src=\"https:\/\/snap.md\/wp-content\/uploads\/2018\/03\/politico-logo.jpg\"\/><\/p>\n<h5><a href=\"https:\/\/www.politico.eu\/\" rel=\"noreferrer noopener\" target=\"_blank\">politico<\/a><\/h5>\n<p>[contfnewc] [contfnewc]<\/p>\n","protected":false},"excerpt":{"rendered":"<p>As the new European Commission settles into office, some off..<\/p>\n","protected":false},"author":1,"featured_media":140802,"comment_status":"closed","ping_status":"open","sticky":false,"template":"","format":"standard","meta":{"footnotes":""},"categories":[50],"tags":[],"class_list":["post-140801","post","type-post","status-publish","format-standard","has-post-thumbnail","hentry","category-tech"],"yoast_head":"<!-- This site is optimized with the Yoast SEO plugin v27.5 - https:\/\/yoast.com\/product\/yoast-seo-wordpress\/ -->\n<title>European Commission fears frenemy infiltration - Business News Report<\/title>\n<meta name=\"description\" content=\"As the new European Commission settles into office, some off..\" \/>\n<meta name=\"robots\" content=\"index, follow, max-snippet:-1, max-image-preview:large, max-video-preview:-1\" \/>\n<link rel=\"canonical\" href=\"https:\/\/www.bnreport.com\/en\/european-commission-fears-frenemy-infiltration\/\" \/>\n<meta property=\"og:locale\" content=\"en_US\" \/>\n<meta property=\"og:type\" content=\"article\" \/>\n<meta property=\"og:title\" content=\"European Commission fears frenemy infiltration - Business News Report\" \/>\n<meta property=\"og:description\" content=\"As the new European Commission settles into office, some off..\" \/>\n<meta property=\"og:url\" content=\"https:\/\/www.bnreport.com\/en\/european-commission-fears-frenemy-infiltration\/\" \/>\n<meta property=\"og:site_name\" content=\"Business News Report\" \/>\n<meta property=\"article:publisher\" content=\"https:\/\/www.facebook.com\/Business-NewsReport-328225811095934\/\" \/>\n<meta property=\"article:published_time\" content=\"2020-01-10T07:52:10+00:00\" \/>\n<meta property=\"og:image\" content=\"https:\/\/www.bnreport.com\/wp-content\/uploads\/2020\/01\/GettyImages-1186389659-scaled-1.jpg\" \/>\n\t<meta property=\"og:image:width\" content=\"2560\" \/>\n\t<meta property=\"og:image:height\" content=\"1706\" \/>\n\t<meta property=\"og:image:type\" content=\"image\/jpeg\" \/>\n<meta name=\"author\" content=\"infopal11\" \/>\n<meta name=\"twitter:card\" content=\"summary_large_image\" \/>\n<meta name=\"twitter:creator\" content=\"@BNReport\" \/>\n<meta name=\"twitter:site\" content=\"@BNReport\" \/>\n<meta name=\"twitter:label1\" content=\"Written by\" \/>\n\t<meta name=\"twitter:data1\" content=\"infopal11\" \/>\n\t<meta name=\"twitter:label2\" content=\"Est. reading time\" \/>\n\t<meta name=\"twitter:data2\" content=\"5 minutes\" \/>\n<script type=\"application\/ld+json\" class=\"yoast-schema-graph\">{\"@context\":\"https:\\\/\\\/schema.org\",\"@graph\":[{\"@type\":\"Article\",\"@id\":\"https:\\\/\\\/www.bnreport.com\\\/en\\\/european-commission-fears-frenemy-infiltration\\\/#article\",\"isPartOf\":{\"@id\":\"https:\\\/\\\/www.bnreport.com\\\/en\\\/european-commission-fears-frenemy-infiltration\\\/\"},\"author\":{\"name\":\"infopal11\",\"@id\":\"https:\\\/\\\/www.bnreport.com\\\/en\\\/#\\\/schema\\\/person\\\/19d1c5a2dd7f60584a09de4a7805d68f\"},\"headline\":\"European Commission fears frenemy infiltration\",\"datePublished\":\"2020-01-10T07:52:10+00:00\",\"mainEntityOfPage\":{\"@id\":\"https:\\\/\\\/www.bnreport.com\\\/en\\\/european-commission-fears-frenemy-infiltration\\\/\"},\"wordCount\":1021,\"publisher\":{\"@id\":\"https:\\\/\\\/www.bnreport.com\\\/en\\\/#organization\"},\"image\":{\"@id\":\"https:\\\/\\\/www.bnreport.com\\\/en\\\/european-commission-fears-frenemy-infiltration\\\/#primaryimage\"},\"thumbnailUrl\":\"https:\\\/\\\/www.bnreport.com\\\/wp-content\\\/uploads\\\/2020\\\/01\\\/GettyImages-1186389659-scaled-1.jpg\",\"articleSection\":[\"Tech\"],\"inLanguage\":\"en-US\"},{\"@type\":\"WebPage\",\"@id\":\"https:\\\/\\\/www.bnreport.com\\\/en\\\/european-commission-fears-frenemy-infiltration\\\/\",\"url\":\"https:\\\/\\\/www.bnreport.com\\\/en\\\/european-commission-fears-frenemy-infiltration\\\/\",\"name\":\"European Commission fears frenemy infiltration - Business News Report\",\"isPartOf\":{\"@id\":\"https:\\\/\\\/www.bnreport.com\\\/en\\\/#website\"},\"primaryImageOfPage\":{\"@id\":\"https:\\\/\\\/www.bnreport.com\\\/en\\\/european-commission-fears-frenemy-infiltration\\\/#primaryimage\"},\"image\":{\"@id\":\"https:\\\/\\\/www.bnreport.com\\\/en\\\/european-commission-fears-frenemy-infiltration\\\/#primaryimage\"},\"thumbnailUrl\":\"https:\\\/\\\/www.bnreport.com\\\/wp-content\\\/uploads\\\/2020\\\/01\\\/GettyImages-1186389659-scaled-1.jpg\",\"datePublished\":\"2020-01-10T07:52:10+00:00\",\"description\":\"As the new European Commission settles into office, some off..\",\"breadcrumb\":{\"@id\":\"https:\\\/\\\/www.bnreport.com\\\/en\\\/european-commission-fears-frenemy-infiltration\\\/#breadcrumb\"},\"inLanguage\":\"en-US\",\"potentialAction\":[{\"@type\":\"ReadAction\",\"target\":[\"https:\\\/\\\/www.bnreport.com\\\/en\\\/european-commission-fears-frenemy-infiltration\\\/\"]}]},{\"@type\":\"ImageObject\",\"inLanguage\":\"en-US\",\"@id\":\"https:\\\/\\\/www.bnreport.com\\\/en\\\/european-commission-fears-frenemy-infiltration\\\/#primaryimage\",\"url\":\"https:\\\/\\\/www.bnreport.com\\\/wp-content\\\/uploads\\\/2020\\\/01\\\/GettyImages-1186389659-scaled-1.jpg\",\"contentUrl\":\"https:\\\/\\\/www.bnreport.com\\\/wp-content\\\/uploads\\\/2020\\\/01\\\/GettyImages-1186389659-scaled-1.jpg\",\"width\":2560,\"height\":1706},{\"@type\":\"BreadcrumbList\",\"@id\":\"https:\\\/\\\/www.bnreport.com\\\/en\\\/european-commission-fears-frenemy-infiltration\\\/#breadcrumb\",\"itemListElement\":[{\"@type\":\"ListItem\",\"position\":1,\"name\":\"\u0627\u0644\u0631\u0626\u064a\u0633\u064a\u0629\",\"item\":\"https:\\\/\\\/www.bnreport.com\\\/en\\\/\"},{\"@type\":\"ListItem\",\"position\":2,\"name\":\"European Commission fears frenemy infiltration\"}]},{\"@type\":\"WebSite\",\"@id\":\"https:\\\/\\\/www.bnreport.com\\\/en\\\/#website\",\"url\":\"https:\\\/\\\/www.bnreport.com\\\/en\\\/\",\"name\":\"Business News Report\",\"description\":\"Latest News on the World of Politics &amp; Business\",\"publisher\":{\"@id\":\"https:\\\/\\\/www.bnreport.com\\\/en\\\/#organization\"},\"potentialAction\":[{\"@type\":\"SearchAction\",\"target\":{\"@type\":\"EntryPoint\",\"urlTemplate\":\"https:\\\/\\\/www.bnreport.com\\\/en\\\/?s={search_term_string}\"},\"query-input\":{\"@type\":\"PropertyValueSpecification\",\"valueRequired\":true,\"valueName\":\"search_term_string\"}}],\"inLanguage\":\"en-US\"},{\"@type\":\"Organization\",\"@id\":\"https:\\\/\\\/www.bnreport.com\\\/en\\\/#organization\",\"name\":\"\u0628\u0632\u0646\u0633 \u0631\u064a\u0628\u0648\u0631\u062a \u0627\u0644\u0627\u062e\u0628\u0627\u0631\u064a\",\"url\":\"https:\\\/\\\/www.bnreport.com\\\/en\\\/\",\"logo\":{\"@type\":\"ImageObject\",\"inLanguage\":\"en-US\",\"@id\":\"https:\\\/\\\/www.bnreport.com\\\/en\\\/#\\\/schema\\\/logo\\\/image\\\/\",\"url\":\"https:\\\/\\\/www.bnreport.com\\\/wp-content\\\/uploads\\\/2020\\\/12\\\/LOGO2.png\",\"contentUrl\":\"https:\\\/\\\/www.bnreport.com\\\/wp-content\\\/uploads\\\/2020\\\/12\\\/LOGO2.png\",\"width\":200,\"height\":50,\"caption\":\"\u0628\u0632\u0646\u0633 \u0631\u064a\u0628\u0648\u0631\u062a \u0627\u0644\u0627\u062e\u0628\u0627\u0631\u064a\"},\"image\":{\"@id\":\"https:\\\/\\\/www.bnreport.com\\\/en\\\/#\\\/schema\\\/logo\\\/image\\\/\"},\"sameAs\":[\"https:\\\/\\\/www.facebook.com\\\/Business-NewsReport-328225811095934\\\/\",\"https:\\\/\\\/x.com\\\/BNReport\",\"https:\\\/\\\/www.instagram.com\\\/business.newsreport\"]},{\"@type\":\"Person\",\"@id\":\"https:\\\/\\\/www.bnreport.com\\\/en\\\/#\\\/schema\\\/person\\\/19d1c5a2dd7f60584a09de4a7805d68f\",\"name\":\"infopal11\",\"url\":\"https:\\\/\\\/www.bnreport.com\\\/en\\\/author\\\/infopal11\\\/\"}]}<\/script>\n<!-- \/ Yoast SEO plugin. -->","yoast_head_json":{"title":"European Commission fears frenemy infiltration - Business News Report","description":"As the new European Commission settles into office, some off..","robots":{"index":"index","follow":"follow","max-snippet":"max-snippet:-1","max-image-preview":"max-image-preview:large","max-video-preview":"max-video-preview:-1"},"canonical":"https:\/\/www.bnreport.com\/en\/european-commission-fears-frenemy-infiltration\/","og_locale":"en_US","og_type":"article","og_title":"European Commission fears frenemy infiltration - Business News Report","og_description":"As the new European Commission settles into office, some off..","og_url":"https:\/\/www.bnreport.com\/en\/european-commission-fears-frenemy-infiltration\/","og_site_name":"Business News Report","article_publisher":"https:\/\/www.facebook.com\/Business-NewsReport-328225811095934\/","article_published_time":"2020-01-10T07:52:10+00:00","og_image":[{"width":2560,"height":1706,"url":"https:\/\/www.bnreport.com\/wp-content\/uploads\/2020\/01\/GettyImages-1186389659-scaled-1.jpg","type":"image\/jpeg"}],"author":"infopal11","twitter_card":"summary_large_image","twitter_creator":"@BNReport","twitter_site":"@BNReport","twitter_misc":{"Written by":"infopal11","Est. reading time":"5 minutes"},"schema":{"@context":"https:\/\/schema.org","@graph":[{"@type":"Article","@id":"https:\/\/www.bnreport.com\/en\/european-commission-fears-frenemy-infiltration\/#article","isPartOf":{"@id":"https:\/\/www.bnreport.com\/en\/european-commission-fears-frenemy-infiltration\/"},"author":{"name":"infopal11","@id":"https:\/\/www.bnreport.com\/en\/#\/schema\/person\/19d1c5a2dd7f60584a09de4a7805d68f"},"headline":"European Commission fears frenemy infiltration","datePublished":"2020-01-10T07:52:10+00:00","mainEntityOfPage":{"@id":"https:\/\/www.bnreport.com\/en\/european-commission-fears-frenemy-infiltration\/"},"wordCount":1021,"publisher":{"@id":"https:\/\/www.bnreport.com\/en\/#organization"},"image":{"@id":"https:\/\/www.bnreport.com\/en\/european-commission-fears-frenemy-infiltration\/#primaryimage"},"thumbnailUrl":"https:\/\/www.bnreport.com\/wp-content\/uploads\/2020\/01\/GettyImages-1186389659-scaled-1.jpg","articleSection":["Tech"],"inLanguage":"en-US"},{"@type":"WebPage","@id":"https:\/\/www.bnreport.com\/en\/european-commission-fears-frenemy-infiltration\/","url":"https:\/\/www.bnreport.com\/en\/european-commission-fears-frenemy-infiltration\/","name":"European Commission fears frenemy infiltration - Business News Report","isPartOf":{"@id":"https:\/\/www.bnreport.com\/en\/#website"},"primaryImageOfPage":{"@id":"https:\/\/www.bnreport.com\/en\/european-commission-fears-frenemy-infiltration\/#primaryimage"},"image":{"@id":"https:\/\/www.bnreport.com\/en\/european-commission-fears-frenemy-infiltration\/#primaryimage"},"thumbnailUrl":"https:\/\/www.bnreport.com\/wp-content\/uploads\/2020\/01\/GettyImages-1186389659-scaled-1.jpg","datePublished":"2020-01-10T07:52:10+00:00","description":"As the new European Commission settles into office, some off..","breadcrumb":{"@id":"https:\/\/www.bnreport.com\/en\/european-commission-fears-frenemy-infiltration\/#breadcrumb"},"inLanguage":"en-US","potentialAction":[{"@type":"ReadAction","target":["https:\/\/www.bnreport.com\/en\/european-commission-fears-frenemy-infiltration\/"]}]},{"@type":"ImageObject","inLanguage":"en-US","@id":"https:\/\/www.bnreport.com\/en\/european-commission-fears-frenemy-infiltration\/#primaryimage","url":"https:\/\/www.bnreport.com\/wp-content\/uploads\/2020\/01\/GettyImages-1186389659-scaled-1.jpg","contentUrl":"https:\/\/www.bnreport.com\/wp-content\/uploads\/2020\/01\/GettyImages-1186389659-scaled-1.jpg","width":2560,"height":1706},{"@type":"BreadcrumbList","@id":"https:\/\/www.bnreport.com\/en\/european-commission-fears-frenemy-infiltration\/#breadcrumb","itemListElement":[{"@type":"ListItem","position":1,"name":"\u0627\u0644\u0631\u0626\u064a\u0633\u064a\u0629","item":"https:\/\/www.bnreport.com\/en\/"},{"@type":"ListItem","position":2,"name":"European Commission fears frenemy infiltration"}]},{"@type":"WebSite","@id":"https:\/\/www.bnreport.com\/en\/#website","url":"https:\/\/www.bnreport.com\/en\/","name":"Business News Report","description":"Latest News on the World of Politics &amp; Business","publisher":{"@id":"https:\/\/www.bnreport.com\/en\/#organization"},"potentialAction":[{"@type":"SearchAction","target":{"@type":"EntryPoint","urlTemplate":"https:\/\/www.bnreport.com\/en\/?s={search_term_string}"},"query-input":{"@type":"PropertyValueSpecification","valueRequired":true,"valueName":"search_term_string"}}],"inLanguage":"en-US"},{"@type":"Organization","@id":"https:\/\/www.bnreport.com\/en\/#organization","name":"\u0628\u0632\u0646\u0633 \u0631\u064a\u0628\u0648\u0631\u062a \u0627\u0644\u0627\u062e\u0628\u0627\u0631\u064a","url":"https:\/\/www.bnreport.com\/en\/","logo":{"@type":"ImageObject","inLanguage":"en-US","@id":"https:\/\/www.bnreport.com\/en\/#\/schema\/logo\/image\/","url":"https:\/\/www.bnreport.com\/wp-content\/uploads\/2020\/12\/LOGO2.png","contentUrl":"https:\/\/www.bnreport.com\/wp-content\/uploads\/2020\/12\/LOGO2.png","width":200,"height":50,"caption":"\u0628\u0632\u0646\u0633 \u0631\u064a\u0628\u0648\u0631\u062a \u0627\u0644\u0627\u062e\u0628\u0627\u0631\u064a"},"image":{"@id":"https:\/\/www.bnreport.com\/en\/#\/schema\/logo\/image\/"},"sameAs":["https:\/\/www.facebook.com\/Business-NewsReport-328225811095934\/","https:\/\/x.com\/BNReport","https:\/\/www.instagram.com\/business.newsreport"]},{"@type":"Person","@id":"https:\/\/www.bnreport.com\/en\/#\/schema\/person\/19d1c5a2dd7f60584a09de4a7805d68f","name":"infopal11","url":"https:\/\/www.bnreport.com\/en\/author\/infopal11\/"}]}},"amp_enabled":true,"_links":{"self":[{"href":"https:\/\/www.bnreport.com\/en\/wp-json\/wp\/v2\/posts\/140801","targetHints":{"allow":["GET"]}}],"collection":[{"href":"https:\/\/www.bnreport.com\/en\/wp-json\/wp\/v2\/posts"}],"about":[{"href":"https:\/\/www.bnreport.com\/en\/wp-json\/wp\/v2\/types\/post"}],"author":[{"embeddable":true,"href":"https:\/\/www.bnreport.com\/en\/wp-json\/wp\/v2\/users\/1"}],"replies":[{"embeddable":true,"href":"https:\/\/www.bnreport.com\/en\/wp-json\/wp\/v2\/comments?post=140801"}],"version-history":[{"count":0,"href":"https:\/\/www.bnreport.com\/en\/wp-json\/wp\/v2\/posts\/140801\/revisions"}],"wp:featuredmedia":[{"embeddable":true,"href":"https:\/\/www.bnreport.com\/en\/wp-json\/wp\/v2\/media\/140802"}],"wp:attachment":[{"href":"https:\/\/www.bnreport.com\/en\/wp-json\/wp\/v2\/media?parent=140801"}],"wp:term":[{"taxonomy":"category","embeddable":true,"href":"https:\/\/www.bnreport.com\/en\/wp-json\/wp\/v2\/categories?post=140801"},{"taxonomy":"post_tag","embeddable":true,"href":"https:\/\/www.bnreport.com\/en\/wp-json\/wp\/v2\/tags?post=140801"}],"curies":[{"name":"wp","href":"https:\/\/api.w.org\/{rel}","templated":true}]}}