{"id":131181,"date":"2019-09-11T09:50:45","date_gmt":"2019-09-11T09:50:45","guid":{"rendered":"https:\/\/www.bnreport.com\/meet-the-commissioners\/"},"modified":"2019-09-11T09:50:45","modified_gmt":"2019-09-11T09:50:45","slug":"meet-the-commissioners","status":"publish","type":"post","link":"https:\/\/www.bnreport.com\/en\/meet-the-commissioners\/","title":{"rendered":"Meet the commissioners"},"content":{"rendered":"<p>Ursula von der Leyen has unveiled her picks for the next European Commission. Heres POLITICOs guide to the nominees, whose portfolios will be announced on Tuesday.<\/p>\n<p>All will need approval from the European Parliament before they can take up their posts \u2014 except von der Leyen, who won confirmation from MEPs in July.<\/p>\n<p><strong>Ursula von der Leyen (Germany), president<br \/><\/strong><\/p>\n<p><img decoding=\"async\" src=\"https:\/\/www.politico.eu\/wp-content\/uploads\/2019\/09\/01_VDL_test4.jpg\" \/><\/p>\n<p>Will be the first female Commission president. Born in Brussels. Attended the European School in the suburb of Uccle, graduating two years before Boris Johnson joined the same establishment. Mother of seven children. Entered politics only after she had finished her medical studies. Survived plagiarism accusations in connection with her thesis. Daughter of Ernst Albrecht, former leader of the state of Lower Saxony. Appeared on TV show <em>\u201cDie aktuelle Schaubude\u201d<\/em> singing with her family. <a href=\"https:\/\/www.politico.eu\/article\/ursula-von-der-leyen-teen-singing-star\/\" rel=\"noreferrer noopener\" target=\"_blank\">Die Albrecht Familie<\/a> also released a single in 1978 called <em>\u201cWohlauf in Gottes sch\u00f6ne Welt\u201d<\/em> (\u201cWell in Gods beautiful world\u201d). Enrolled at the London School of Economics using the pseudonym <a href=\"https:\/\/www.tagesspiegel.de\/politik\/die-morgenlage-aus-der-hauptstadt-wer-war-rose-ladson\/24592960.html\" rel=\"noreferrer noopener\" target=\"_blank\">Rose Ladson<\/a> after her father was informed that his family could be a potential target for the Red Army Faction terrorist group. Joined the Christian Democratic Union in 1990, on the same day her father stepped down as state premier. For more than a decade, met with Wolfgang Sch\u00e4uble for breakfast once a week. Longest-serving minister in Angela Merkels governments.<\/p>\n<p><strong>Frans Timmermans (the Netherlands), Executive vice president for European Green Deal<\/strong><\/p>\n<p><img decoding=\"async\" src=\"https:\/\/www.politico.eu\/wp-content\/uploads\/2019\/09\/02_Timmermans_test.jpg\" \/>Not thrilled to have missed out on the job von der Leyen now has. Wears hipster glasses. Feminist. Former Dutch foreign minister. Polyglot. Jean-Claude Junckers right-hand man\/plumber. Both grandfathers were coal miners, as he may have mentioned. Four children. Defender of the single-use plastic ban. Refuses to go on a Dutch TV talk show after the host in 2014 pressured him into sharing an undisclosed detail about the attack on the MH17 flight. Not popular with Polish or Hungarian leaders. Has a lookalike called <a href=\"https:\/\/youtu.be\/MkYJUsD4cis\" rel=\"noreferrer noopener\" target=\"_blank\">Hans Brusselmans<\/a>. Vocal supporter of second-division football team Roda JC.<\/p>\n<p><strong>Margrethe Vestager (Denmark), Executive vice president for the Digital Age<\/strong><\/p>\n<p><img decoding=\"async\" src=\"https:\/\/www.politico.eu\/wp-content\/uploads\/2019\/09\/03_Vestager_test.jpg\" \/>Deputy queen of Europe (after Merkel). Failed in her bid to become Commission president but instead expected to get a super-charged portfolio. Donald Trump called her the \u201ctax lady\u201d who \u201chates the U.S.\u201d because of her battle against tech giants. Former Danish Cabinet minister and main inspiration for the TV series \u201cBorgen.\u201d Known in Denmark for being a tough-minded, kickass finance minister. Knits small elephants to release post-College of Commissioners tension. Speaks French to express enthusiasm (\u201c<em>Mais cest magnifique la Vivatech!<\/em>\u201d she told French radio in reference to the annual worldwide gathering of startups in Paris).<\/p>\n<p><strong>Austria \u2014 Johannes Hahn, Budget and administration<br \/><\/strong><!--more--><\/p>\n<p><img decoding=\"async\" src=\"https:\/\/www.politico.eu\/wp-content\/uploads\/2019\/09\/04_Hahn_test.jpg\" \/>Former minister for science accused of plagiarizing his Ph.D. (what does he think he is, German?) but allowed to keep his doctorate after an inquiry. Set up national \u201cAward of Excellence\u201d for the best doctoral thesis in Austria. Likes launching prizes. Also likes saving money, trying to pull Austria out of the renowned physics laboratory CERN in 2009 in a decision that was quickly overruled. Strong hand to win any future gambling commissioner portfolio as former CEO of betting company Novomatic. Criticized during Austrian student protests, who chanted <em>\u201cHahn hei\u00dft er, uns beschei\u00dft er\u201d<\/em> (\u201cHis name is Hahn, and hes screwing us,\u201d but ruder than that).<\/p>\n<p><strong>Belgium \u2014 Didier Reynders, Justice<\/strong><\/p>\n<p><img decoding=\"async\" src=\"https:\/\/www.politico.eu\/wp-content\/uploads\/2019\/09\/05_Reynders_crop.jpg\" \/>Softly spoken lawyer from Belgiums Francophone liberal party, the Reformist Movement (MR). Served as minister for finance (1999-2011), and for foreign affairs (2011-2019). In 2014 was in the running to become commissioner and prime minister but missed out on both. Loss of Reynders and Charles Michel (the incoming Council chief) leaves MR without its two big beasts. As finance minister, he devised a system granting major tax breaks to multinational companies, which was <a href=\"https:\/\/www.politico.eu\/article\/commission-rules-belgian-tax-rules-are-illegal-state-aid\/\" rel=\"noreferrer noopener\" target=\"_blank\">ruled<\/a> illegal state aid by one Margrethe Vestager.<a href=\"https:\/\/www.bbc.com\/news\/world-europe-31962154\" rel=\"noreferrer noopener\" target=\"_blank\"> Criticized for appearing in blackface<\/a>.<\/p>\n<p><strong>Bulgaria \u2014 Mariya Gabriel, Innovation and Youth<\/strong><\/p>\n<p><img decoding=\"async\" src=\"https:\/\/www.politico.eu\/wp-content\/uploads\/2019\/09\/06_Gabriel_crop.jpg\" \/>Responsible for digital economy and society in outgoing Commission. Gave up the European Parliament seat she won in May to remain at the Commission. Was an MEP from 2009 to 2017 \u2014 and won the <a href=\"https:\/\/www.politico.eu\/article\/mariya-gabriel-digital-single-market-on-the-rocks\/\" rel=\"noreferrer noopener\" target=\"_blank\">MEP of the year<\/a> prize twice during that time. Was a teacher and a researcher at Sciences Po Bordeaux. <a href=\"https:\/\/youtu.be\/NbwLUjHWBhE\" rel=\"noreferrer noopener\" target=\"_blank\">Loves bees<\/a>. Wants to close the <a href=\"https:\/\/www.euractiv.com\/section\/middle-ground-politics\/news\/closing-the-gender-digital-gap-a-priority-for-commissioner-gabriel\/\" rel=\"noreferrer noopener\" target=\"_blank\">digital gender gap<\/a>. Was cleared by <a href=\"https:\/\/www.novinite.com\/articles\/198273\/Bulgaria%27s+Anti-corruption+Commission+Terminates+Proceedings+Against+EU+Commissioner+Mariya+Gabriel\" rel=\"noreferrer noopener\" target=\"_blank\">Bulgarias anti-corruption commission<\/a> of a potential conflict of interest case involving an apartment. Focuses on fake news, digital skills and the promotion of the European audiovisual sector. <a href=\"https:\/\/twitter.com\/GabrielMariya\" rel=\"noreferrer noopener\" target=\"_blank\">Does her own tweeting<\/a>.<\/p>\n<p><strong>Croatia \u2014 Dubravka \u0160uica, Vice-president for Democracy and Demography<\/strong><\/p>\n<p><img decoding=\"async\" src=\"https:\/\/www.politico.eu\/wp-content\/uploads\/2019\/09\/07_Suica_cop.jpg\" \/>Was mayor of Dubrovnik but left the post before the city gained even greater fame as Kings Landing in \u201cGame of Thrones.\u201d Taught German in Croatia, which could come in handy considering who the new boss is. Spent the last six years as an MEP, and rising through the ranks to become first vice chair of the European Peoples Party in July. Apparently wasnt crazy about the prospect of moving to the Berlaymont: insiders say she had to be begged to take the job.<\/p>\n<p><strong>Cyprus \u2014 Stella Kyriakides, Health<\/strong><\/p>\n<p><img decoding=\"async\" src=\"https:\/\/www.politico.eu\/wp-content\/uploads\/2019\/09\/08_Kyriakides_crop.jpg\" \/>Born under British rule, she trained in Britain as a child psychologist. As vice president of the Democratic Rally party since 2013, shes President Nicos Anastasiades right arm. Career politician. Local press describes her as a \u201cMother Theresa\u201d figure who tries to help others but doesnt express strong opinions. Also dressed up as a nun at Nicosias carnival parade last year. Pushed for a law in 2018 decriminalizing abortion. This would be her first Brussels gig, but shes known in Europe for her stint as president of the Council of Europes Parliamentary Assembly (a rather powerless body tasked with holding 47 European governments to account on human rights and rule of law issues).<\/p>\n<p><strong>Czech Republic \u2014 V\u011bra Jourov\u00e1, Vice-president for Values and Transparency<\/strong><\/p>\n<p><img decoding=\"async\" src=\"https:\/\/www.politico.eu\/wp-content\/uploads\/2019\/09\/09_Jourova_crop.jpg\" \/>Responsible for justice, consumers and gender equality in the outgoing Commission (but was \u201cshocked\u201d <a href=\"https:\/\/www.politico.eu\/article\/vera-jourova-feisty-commissioner\/\" rel=\"noreferrer noopener\" target=\"_blank\">not to get the regional development portfolio)<\/a>. Studied cultural anthropology. Was a minister and an MP in her home country in the early 2010s. Spent 33 days in a Czech prison in 2006 after being falsely accused of corruption. <a href=\"https:\/\/www.politico.eu\/article\/vera-jourova-eu-justice-chief-deleted-full-of-hatred-facebook-account\/\" rel=\"noreferrer noopener\" target=\"_blank\">Deleted her Facebook account<\/a> over hate speech. Wants fish fingers, coffee and other types of food and beverages to have the <a href=\"https:\/\/twitter.com\/VeraJourova\/status\/908293241891680256?s=20\" rel=\"noreferrer noopener\" target=\"_blank\">same quality<\/a> in Eastern and Western Europe. Made Airbnb change their <a href=\"https:\/\/europa.eu\/rapid\/press-release_IP-19-3990_en.htm\" rel=\"noreferrer noopener\" target=\"_blank\">terms of service<\/a>. Her life story has been <a href=\"https:\/\/www.politico.eu\/article\/vera-jourova-feisty-commissioner\/\" rel=\"noreferrer noopener\" target=\"_blank\">compared to<\/a> a \u201cdark version of Borgen.\u201d<\/p>\n<p><strong>Estonia \u2014 Kadri Simson, Energy<\/strong><\/p>\n<p><img decoding=\"async\" src=\"https:\/\/www.politico.eu\/wp-content\/uploads\/2019\/09\/10_Simson_crop.jpg\" \/>Described as \u201calways prepared\u201d and \u201csmiley.\u201d But also no technocrat, according to one diplomat. Known in Tallinn for being very loyal to her Center Party. <a href=\"https:\/\/news.err.ee\/117278\/savisaar-beats-simson-in-party-leadership-race\" rel=\"noreferrer noopener\" target=\"_blank\">Unsuccessfully challenged<\/a> for leadership of her party in 2015. Brought up in the university town of Tartu, which Estonians say \u201ccarries a spirit\u201d that youll only understand if you visit (they may get kickbacks from the tourist board).<\/p>\n<p><strong>Finland \u2014 Jutta Urpilainen, International Partnerships<\/strong><\/p>\n<p><img decoding=\"async\" src=\"https:\/\/www.politico.eu\/wp-content\/uploads\/2019\/09\/11_Urpilainen_crop.jpg\" \/>Former finance minister and ex-leader of the Social Democrats. Veteran breaker of glass ceilings \u2014 she was the first woman to hold either of those jobs. Also Finlands first female commissioner. Studied to become a school principal, but decided politics was a better fit. Known for her tough line demanding collateral in exchange for bailouts during the eurozone crisis. Crowned Europes \u201c<a href=\"http:\/\/ig-legacy.ft.com\/content\/617b5920-3324-11e2-aabc-00144feabdc0#axzz5yLy3hT2T\" rel=\"noreferrer noopener\" target=\"_blank\">fourth best finance minister<\/a>\u201d in 2012. Will join the Commission straight from parental leave, as she recently adopted a second child from Colombia. Recorded a Christmas album called \u201cChristmassy thoughts\u201d featuring versions of  \u201cWinter Wonderland\u201d and \u201cJingle Bells.\u201d Here she is singing \u201c<a href=\"https:\/\/www.youtube.com\/watch?v=PZahTY8AG7Y\" rel=\"noreferrer noopener\" target=\"_blank\">We Will Rock You.<\/a>\u201d<\/p>\n<p><strong>France \u2014 Sylvie Goulard, Internal Market<\/strong><\/p>\n<p><em><img decoding=\"async\" src=\"https:\/\/www.politico.eu\/wp-content\/uploads\/2019\/09\/12_Goulard_crop.jpg\" \/>Marseillaise <\/em>with a soft spot for Europe, Germany and anything eurozone-related. Short-lived defense minister. Part of the French team that negotiated on the reunification of Germany. Designer of the Macron brand in Brussels. Very plugged-in EU integrationist who speaks German and Italian. Author of books such as \u201cEurope: love or separate beds?\u201d and \u201cGoodbye Europe!\u201d Stood for the European Parliament presidency in 2016. Worked for Romano Prodi when he was Commission president. Currently deputy governor of the French central bank. Once said there shouldnt be a Commission full of  \u201cold white men.\u201d MEPs will grill her over alleged misuse of EU funds by her party during her time in the European Parliament and <a href=\"https:\/\/www.politico.eu\/article\/french-ex-defense-minister-goulard-earned-300000-with-us-consulting-contract-report\/\" rel=\"noreferrer noopener\" target=\"_blank\">highly paid side gig<\/a> as a consultant to a U.S. think tank.<\/p>\n<p><strong>Greece \u2014 Margaritis Schinas, Vice-president for Protecting our European way of life<\/strong><\/p>\n<p><img decoding=\"async\" src=\"https:\/\/www.politico.eu\/wp-content\/uploads\/2019\/09\/13_Schinas_crop.jpg\" \/>Until recently European Commission chief spokesperson. Sometimes known as \u201csenior Commission official.\u201d Now becomes, well, a more senior Commission official. A member of the European Parliament for Greeces center-right New Democracy between 2007 and 2009. Married to Mercedes Alvargonz\u00e1lez, a top European Parliament official. Has <a href=\"https:\/\/youtu.be\/AOJsGV4bew0\" rel=\"noreferrer noopener\" target=\"_blank\">quoted the Spice Girls<\/a> from the podium. Not a fan of being called a \u201c<a href=\"https:\/\/www.politico.eu\/article\/brussels-bureaucrat-were-not-bureaucrats0-margaritis-schinas\/\" rel=\"noreferrer noopener\" target=\"_blank\">bureaucrat<\/a>.\u201d Once told a Belgian reporter the Commission had \u201cno intention to ban Belgian fries and another kind of fries,\u201d and added:<em> \u201cLes frites, cest chic!\u201d <\/em>Has a reputation for taking calls and answering messages; even his enemies say that he replies to them. But not a press room favorite.<\/p>\n<p><strong>Hungary \u2014 L\u00e1szl\u00f3 Tr\u00f3cs\u00e1nyi, Neighborhood and Enlargement<\/strong><\/p>\n<p><img decoding=\"async\" src=\"https:\/\/www.politico.eu\/wp-content\/uploads\/2019\/09\/14_Trocsanyi_crop.jpg\" \/>MEP who served as Hungarys justice minister from 2014 until 2019. Was a member of the countrys Constitutional Court and had stints as ambassador to Belgium and France. Not a member of the countrys ruling Fidesz party, but led the partys list in the European Parliament election. Perceived as loyal to Prime Minister Viktor Orb\u00e1n. Candidacy faced questions as he served as justice minister at a time when critics say the Hungarian government worked to undermine checks and balances.<\/p>\n<p><strong>Ireland \u2014 Phil Hogan, Trade<\/strong><\/p>\n<p><img decoding=\"async\" src=\"https:\/\/www.politico.eu\/wp-content\/uploads\/2019\/09\/15_Hogan_crop.jpg\" \/>Fixer, bruiser, wily operator. As EU farm chief, steered the bloc through a milk overproduction crisis and proposed his own Common Agricultural Policy. Took flak in Ireland from farmers over the Mercosur trade agreement. Fine Gael government views him as a shrewd deal-maker who helps Ireland punch above its weight. Has been brutally critical of Brexit and Boris Johnson. Reputation at home sullied after introducing an unpopular water charge at the height of the financial crisis. Stands 1.95 meters tall. Renowned for his hearty Irish diet of meat and potatoes. Has been known to greet reporters with an affectionate \u201cthis little f**ker!\u201d<\/p>\n<p>Italy \u2014 Paolo Gentiloni, Economy<\/p>\n<p><img decoding=\"async\" src=\"https:\/\/www.politico.eu\/wp-content\/uploads\/2019\/09\/gentiloni.jpg\" \/>Descendant of Count Gentiloni Silveri. Former prime minister. Aristocratic far-left activist in his twenties, turned president of the Democratic Party. Polyglot and former journalist. Former minister for foreign affairs and communications. Known for his elegance, manners and diplomatic skills. One of the most vehement opponents of his partys new governing alliance with the populist 5Stars. A move to Brussels is the perfect way for him to pull out of national politics. Known as \u201c<em>er moviola<\/em>\u201d (\u201cslow-mover\u201d in Romes local dialect).<\/p>\n<p><strong>Latvia \u2014 Valdis Dombrovskis, Executive vice-president for An Economy that Works for People<\/strong><\/p>\n<p><img decoding=\"async\" src=\"https:\/\/www.politico.eu\/wp-content\/uploads\/2019\/09\/18_Dombrovskis_crop.jpg\" \/>Was prime minister for almost half a decade, as the government was forced to slash salaries and spending under an international bailout. Stepped down after 54 people died when a shopping center collapsed. Worked as a lab assistant in Germany. Ex-MEP. Arriving in Brussels, he was made vice president for the euro and social dialogue, albeit with a public-speaking style more disciplined than chatty (except perhaps while sharing a few drinks with the press). Mid-term, he picked up the pieces of the financial services file, after Britains Jonathan Hill quit.<\/p>\n<p><strong>Lithuania \u2014 Virginijus Sinkevi\u010dius, Environment and Oceans<\/strong><\/p>\n<p><img decoding=\"async\" src=\"https:\/\/www.politico.eu\/wp-content\/uploads\/2019\/09\/virginius.jpg\" \/><\/p>\n<p>Doesnt seem to be big on <a href=\"https:\/\/www.lrt.lt\/naujienos\/news-in-english\/19\/1087598\/climate-action-not-top-priority-for-lithuania-but-may-offer-opportunity-interview-with-ec-candidate\" rel=\"noreferrer noopener\" target=\"_blank\">climate change<\/a> or <a href=\"https:\/\/www.lrt.lt\/en\/news-in-english\/19\/1090209\/gender-equality-situation-not-that-bad-lithuania-s-ec-candidate-says\" rel=\"noreferrer noopener\" target=\"_blank\">gender equality<\/a> (in Lithuania at least), which could cause trouble with his new boss. Member of the Farmers and Greens Union party, which is <a href=\"https:\/\/www.politico.eu\/article\/top-green-mep-says-commission-pick-not-green-enough\/?utm_source=RSS_Feed&amp;utm_medium=RSS&amp;utm_campaign=RSS_Syndication\" rel=\"noreferrer noopener\" target=\"_blank\">not green enough<\/a> for other Greens. Youngest Commission nominee, at 28. Entered politics in 2016. Known for keeping a Donald Trump \u201cMake America Great Again\u201d hat in his office. Studied in the U.K. and the Netherlands. Worked for the Lithuania Tribune news portal. Once won an award for \u201cBest Solution for Better Business Environment of the Year,\u201d whatever that means.<\/p>\n<p><strong>Luxembourg \u2014 Nicolas Schmit, Jobs<\/strong><\/p>\n<p><img decoding=\"async\" src=\"https:\/\/www.politico.eu\/wp-content\/uploads\/2019\/09\/19_Schmit_crop.jpg\" \/>Born in Luxembourgs steel heartlands. Polyglot. Socialist with international ambitions. Long-serving labor minister under coalition governments led by Jean-Claude Juncker and Xavier Bettel. Formerly von der Leyens opposite number when she was labor minister in Germany. No stranger to Brussels. Served as Luxembourgs ambassador and permanent representative to the EU for six years. In a 2011 scandal, he denied attempting to pressure police officers to drop charges against his son. The 18th most popular Luxembourg politician, according to a survey. Wo<a href=\"https:\/\/www.politico.eu\/article\/meet-the-commissioners-president-ursula-von-der-leyen-team-european-commission-members\/?utm_source=RSS_Feed&amp;utm_medium=RSS&amp;utm_campaign=RSS_Syndication\" rel=\"noreferrer noopener\" target=\"_blank\">Read More \u2013 Source<\/a><\/p>\n","protected":false},"excerpt":{"rendered":"<p>Ursula von der Leyen has unveiled her picks for the next Eur..<\/p>\n","protected":false},"author":1,"featured_media":131182,"comment_status":"closed","ping_status":"open","sticky":false,"template":"","format":"standard","meta":{"footnotes":""},"categories":[50],"tags":[],"class_list":["post-131181","post","type-post","status-publish","format-standard","has-post-thumbnail","hentry","category-tech"],"yoast_head":"<!-- This site is optimized with the Yoast SEO plugin v27.5 - https:\/\/yoast.com\/product\/yoast-seo-wordpress\/ -->\n<title>Meet the commissioners - Business News Report<\/title>\n<meta name=\"description\" content=\"Ursula von der Leyen has unveiled her picks for the next Eur..\" \/>\n<meta name=\"robots\" content=\"index, follow, max-snippet:-1, max-image-preview:large, max-video-preview:-1\" \/>\n<link rel=\"canonical\" href=\"https:\/\/www.bnreport.com\/en\/meet-the-commissioners\/\" \/>\n<meta property=\"og:locale\" content=\"en_US\" \/>\n<meta property=\"og:type\" content=\"article\" \/>\n<meta property=\"og:title\" content=\"Meet the commissioners - Business News Report\" \/>\n<meta property=\"og:description\" content=\"Ursula von der Leyen has unveiled her picks for the next Eur..\" \/>\n<meta property=\"og:url\" content=\"https:\/\/www.bnreport.com\/en\/meet-the-commissioners\/\" \/>\n<meta property=\"og:site_name\" content=\"Business News Report\" \/>\n<meta property=\"article:publisher\" content=\"https:\/\/www.facebook.com\/Business-NewsReport-328225811095934\/\" \/>\n<meta property=\"article:published_time\" content=\"2019-09-11T09:50:45+00:00\" \/>\n<meta property=\"og:image\" content=\"https:\/\/www.bnreport.com\/wp-content\/uploads\/2019\/09\/vdlteam.jpg\" \/>\n\t<meta property=\"og:image:width\" content=\"2362\" \/>\n\t<meta property=\"og:image:height\" content=\"1617\" \/>\n\t<meta property=\"og:image:type\" content=\"image\/jpeg\" \/>\n<meta name=\"author\" content=\"infopal11\" \/>\n<meta name=\"twitter:card\" content=\"summary_large_image\" \/>\n<meta name=\"twitter:creator\" content=\"@BNReport\" \/>\n<meta name=\"twitter:site\" content=\"@BNReport\" \/>\n<meta name=\"twitter:label1\" content=\"Written by\" \/>\n\t<meta name=\"twitter:data1\" content=\"infopal11\" \/>\n\t<meta name=\"twitter:label2\" content=\"Est. reading time\" \/>\n\t<meta name=\"twitter:data2\" content=\"10 minutes\" \/>\n<script type=\"application\/ld+json\" class=\"yoast-schema-graph\">{\"@context\":\"https:\\\/\\\/schema.org\",\"@graph\":[{\"@type\":\"Article\",\"@id\":\"https:\\\/\\\/www.bnreport.com\\\/en\\\/meet-the-commissioners\\\/#article\",\"isPartOf\":{\"@id\":\"https:\\\/\\\/www.bnreport.com\\\/en\\\/meet-the-commissioners\\\/\"},\"author\":{\"name\":\"infopal11\",\"@id\":\"https:\\\/\\\/www.bnreport.com\\\/en\\\/#\\\/schema\\\/person\\\/19d1c5a2dd7f60584a09de4a7805d68f\"},\"headline\":\"Meet the commissioners\",\"datePublished\":\"2019-09-11T09:50:45+00:00\",\"mainEntityOfPage\":{\"@id\":\"https:\\\/\\\/www.bnreport.com\\\/en\\\/meet-the-commissioners\\\/\"},\"wordCount\":2042,\"publisher\":{\"@id\":\"https:\\\/\\\/www.bnreport.com\\\/en\\\/#organization\"},\"image\":{\"@id\":\"https:\\\/\\\/www.bnreport.com\\\/en\\\/meet-the-commissioners\\\/#primaryimage\"},\"thumbnailUrl\":\"https:\\\/\\\/www.bnreport.com\\\/wp-content\\\/uploads\\\/2019\\\/09\\\/vdlteam.jpg\",\"articleSection\":[\"Tech\"],\"inLanguage\":\"en-US\"},{\"@type\":\"WebPage\",\"@id\":\"https:\\\/\\\/www.bnreport.com\\\/en\\\/meet-the-commissioners\\\/\",\"url\":\"https:\\\/\\\/www.bnreport.com\\\/en\\\/meet-the-commissioners\\\/\",\"name\":\"Meet the commissioners - Business News Report\",\"isPartOf\":{\"@id\":\"https:\\\/\\\/www.bnreport.com\\\/en\\\/#website\"},\"primaryImageOfPage\":{\"@id\":\"https:\\\/\\\/www.bnreport.com\\\/en\\\/meet-the-commissioners\\\/#primaryimage\"},\"image\":{\"@id\":\"https:\\\/\\\/www.bnreport.com\\\/en\\\/meet-the-commissioners\\\/#primaryimage\"},\"thumbnailUrl\":\"https:\\\/\\\/www.bnreport.com\\\/wp-content\\\/uploads\\\/2019\\\/09\\\/vdlteam.jpg\",\"datePublished\":\"2019-09-11T09:50:45+00:00\",\"description\":\"Ursula von der Leyen has unveiled her picks for the next Eur..\",\"breadcrumb\":{\"@id\":\"https:\\\/\\\/www.bnreport.com\\\/en\\\/meet-the-commissioners\\\/#breadcrumb\"},\"inLanguage\":\"en-US\",\"potentialAction\":[{\"@type\":\"ReadAction\",\"target\":[\"https:\\\/\\\/www.bnreport.com\\\/en\\\/meet-the-commissioners\\\/\"]}]},{\"@type\":\"ImageObject\",\"inLanguage\":\"en-US\",\"@id\":\"https:\\\/\\\/www.bnreport.com\\\/en\\\/meet-the-commissioners\\\/#primaryimage\",\"url\":\"https:\\\/\\\/www.bnreport.com\\\/wp-content\\\/uploads\\\/2019\\\/09\\\/vdlteam.jpg\",\"contentUrl\":\"https:\\\/\\\/www.bnreport.com\\\/wp-content\\\/uploads\\\/2019\\\/09\\\/vdlteam.jpg\",\"width\":2362,\"height\":1617},{\"@type\":\"BreadcrumbList\",\"@id\":\"https:\\\/\\\/www.bnreport.com\\\/en\\\/meet-the-commissioners\\\/#breadcrumb\",\"itemListElement\":[{\"@type\":\"ListItem\",\"position\":1,\"name\":\"\u0627\u0644\u0631\u0626\u064a\u0633\u064a\u0629\",\"item\":\"https:\\\/\\\/www.bnreport.com\\\/en\\\/\"},{\"@type\":\"ListItem\",\"position\":2,\"name\":\"Meet the commissioners\"}]},{\"@type\":\"WebSite\",\"@id\":\"https:\\\/\\\/www.bnreport.com\\\/en\\\/#website\",\"url\":\"https:\\\/\\\/www.bnreport.com\\\/en\\\/\",\"name\":\"Business News Report\",\"description\":\"Latest News on the World of Politics &amp; Business\",\"publisher\":{\"@id\":\"https:\\\/\\\/www.bnreport.com\\\/en\\\/#organization\"},\"potentialAction\":[{\"@type\":\"SearchAction\",\"target\":{\"@type\":\"EntryPoint\",\"urlTemplate\":\"https:\\\/\\\/www.bnreport.com\\\/en\\\/?s={search_term_string}\"},\"query-input\":{\"@type\":\"PropertyValueSpecification\",\"valueRequired\":true,\"valueName\":\"search_term_string\"}}],\"inLanguage\":\"en-US\"},{\"@type\":\"Organization\",\"@id\":\"https:\\\/\\\/www.bnreport.com\\\/en\\\/#organization\",\"name\":\"\u0628\u0632\u0646\u0633 \u0631\u064a\u0628\u0648\u0631\u062a \u0627\u0644\u0627\u062e\u0628\u0627\u0631\u064a\",\"url\":\"https:\\\/\\\/www.bnreport.com\\\/en\\\/\",\"logo\":{\"@type\":\"ImageObject\",\"inLanguage\":\"en-US\",\"@id\":\"https:\\\/\\\/www.bnreport.com\\\/en\\\/#\\\/schema\\\/logo\\\/image\\\/\",\"url\":\"https:\\\/\\\/www.bnreport.com\\\/wp-content\\\/uploads\\\/2020\\\/12\\\/LOGO2.png\",\"contentUrl\":\"https:\\\/\\\/www.bnreport.com\\\/wp-content\\\/uploads\\\/2020\\\/12\\\/LOGO2.png\",\"width\":200,\"height\":50,\"caption\":\"\u0628\u0632\u0646\u0633 \u0631\u064a\u0628\u0648\u0631\u062a \u0627\u0644\u0627\u062e\u0628\u0627\u0631\u064a\"},\"image\":{\"@id\":\"https:\\\/\\\/www.bnreport.com\\\/en\\\/#\\\/schema\\\/logo\\\/image\\\/\"},\"sameAs\":[\"https:\\\/\\\/www.facebook.com\\\/Business-NewsReport-328225811095934\\\/\",\"https:\\\/\\\/x.com\\\/BNReport\",\"https:\\\/\\\/www.instagram.com\\\/business.newsreport\"]},{\"@type\":\"Person\",\"@id\":\"https:\\\/\\\/www.bnreport.com\\\/en\\\/#\\\/schema\\\/person\\\/19d1c5a2dd7f60584a09de4a7805d68f\",\"name\":\"infopal11\",\"url\":\"https:\\\/\\\/www.bnreport.com\\\/en\\\/author\\\/infopal11\\\/\"}]}<\/script>\n<!-- \/ Yoast SEO plugin. -->","yoast_head_json":{"title":"Meet the commissioners - Business News Report","description":"Ursula von der Leyen has unveiled her picks for the next Eur..","robots":{"index":"index","follow":"follow","max-snippet":"max-snippet:-1","max-image-preview":"max-image-preview:large","max-video-preview":"max-video-preview:-1"},"canonical":"https:\/\/www.bnreport.com\/en\/meet-the-commissioners\/","og_locale":"en_US","og_type":"article","og_title":"Meet the commissioners - Business News Report","og_description":"Ursula von der Leyen has unveiled her picks for the next Eur..","og_url":"https:\/\/www.bnreport.com\/en\/meet-the-commissioners\/","og_site_name":"Business News Report","article_publisher":"https:\/\/www.facebook.com\/Business-NewsReport-328225811095934\/","article_published_time":"2019-09-11T09:50:45+00:00","og_image":[{"width":2362,"height":1617,"url":"https:\/\/www.bnreport.com\/wp-content\/uploads\/2019\/09\/vdlteam.jpg","type":"image\/jpeg"}],"author":"infopal11","twitter_card":"summary_large_image","twitter_creator":"@BNReport","twitter_site":"@BNReport","twitter_misc":{"Written by":"infopal11","Est. reading time":"10 minutes"},"schema":{"@context":"https:\/\/schema.org","@graph":[{"@type":"Article","@id":"https:\/\/www.bnreport.com\/en\/meet-the-commissioners\/#article","isPartOf":{"@id":"https:\/\/www.bnreport.com\/en\/meet-the-commissioners\/"},"author":{"name":"infopal11","@id":"https:\/\/www.bnreport.com\/en\/#\/schema\/person\/19d1c5a2dd7f60584a09de4a7805d68f"},"headline":"Meet the commissioners","datePublished":"2019-09-11T09:50:45+00:00","mainEntityOfPage":{"@id":"https:\/\/www.bnreport.com\/en\/meet-the-commissioners\/"},"wordCount":2042,"publisher":{"@id":"https:\/\/www.bnreport.com\/en\/#organization"},"image":{"@id":"https:\/\/www.bnreport.com\/en\/meet-the-commissioners\/#primaryimage"},"thumbnailUrl":"https:\/\/www.bnreport.com\/wp-content\/uploads\/2019\/09\/vdlteam.jpg","articleSection":["Tech"],"inLanguage":"en-US"},{"@type":"WebPage","@id":"https:\/\/www.bnreport.com\/en\/meet-the-commissioners\/","url":"https:\/\/www.bnreport.com\/en\/meet-the-commissioners\/","name":"Meet the commissioners - Business News Report","isPartOf":{"@id":"https:\/\/www.bnreport.com\/en\/#website"},"primaryImageOfPage":{"@id":"https:\/\/www.bnreport.com\/en\/meet-the-commissioners\/#primaryimage"},"image":{"@id":"https:\/\/www.bnreport.com\/en\/meet-the-commissioners\/#primaryimage"},"thumbnailUrl":"https:\/\/www.bnreport.com\/wp-content\/uploads\/2019\/09\/vdlteam.jpg","datePublished":"2019-09-11T09:50:45+00:00","description":"Ursula von der Leyen has unveiled her picks for the next Eur..","breadcrumb":{"@id":"https:\/\/www.bnreport.com\/en\/meet-the-commissioners\/#breadcrumb"},"inLanguage":"en-US","potentialAction":[{"@type":"ReadAction","target":["https:\/\/www.bnreport.com\/en\/meet-the-commissioners\/"]}]},{"@type":"ImageObject","inLanguage":"en-US","@id":"https:\/\/www.bnreport.com\/en\/meet-the-commissioners\/#primaryimage","url":"https:\/\/www.bnreport.com\/wp-content\/uploads\/2019\/09\/vdlteam.jpg","contentUrl":"https:\/\/www.bnreport.com\/wp-content\/uploads\/2019\/09\/vdlteam.jpg","width":2362,"height":1617},{"@type":"BreadcrumbList","@id":"https:\/\/www.bnreport.com\/en\/meet-the-commissioners\/#breadcrumb","itemListElement":[{"@type":"ListItem","position":1,"name":"\u0627\u0644\u0631\u0626\u064a\u0633\u064a\u0629","item":"https:\/\/www.bnreport.com\/en\/"},{"@type":"ListItem","position":2,"name":"Meet the commissioners"}]},{"@type":"WebSite","@id":"https:\/\/www.bnreport.com\/en\/#website","url":"https:\/\/www.bnreport.com\/en\/","name":"Business News Report","description":"Latest News on the World of Politics &amp; Business","publisher":{"@id":"https:\/\/www.bnreport.com\/en\/#organization"},"potentialAction":[{"@type":"SearchAction","target":{"@type":"EntryPoint","urlTemplate":"https:\/\/www.bnreport.com\/en\/?s={search_term_string}"},"query-input":{"@type":"PropertyValueSpecification","valueRequired":true,"valueName":"search_term_string"}}],"inLanguage":"en-US"},{"@type":"Organization","@id":"https:\/\/www.bnreport.com\/en\/#organization","name":"\u0628\u0632\u0646\u0633 \u0631\u064a\u0628\u0648\u0631\u062a \u0627\u0644\u0627\u062e\u0628\u0627\u0631\u064a","url":"https:\/\/www.bnreport.com\/en\/","logo":{"@type":"ImageObject","inLanguage":"en-US","@id":"https:\/\/www.bnreport.com\/en\/#\/schema\/logo\/image\/","url":"https:\/\/www.bnreport.com\/wp-content\/uploads\/2020\/12\/LOGO2.png","contentUrl":"https:\/\/www.bnreport.com\/wp-content\/uploads\/2020\/12\/LOGO2.png","width":200,"height":50,"caption":"\u0628\u0632\u0646\u0633 \u0631\u064a\u0628\u0648\u0631\u062a \u0627\u0644\u0627\u062e\u0628\u0627\u0631\u064a"},"image":{"@id":"https:\/\/www.bnreport.com\/en\/#\/schema\/logo\/image\/"},"sameAs":["https:\/\/www.facebook.com\/Business-NewsReport-328225811095934\/","https:\/\/x.com\/BNReport","https:\/\/www.instagram.com\/business.newsreport"]},{"@type":"Person","@id":"https:\/\/www.bnreport.com\/en\/#\/schema\/person\/19d1c5a2dd7f60584a09de4a7805d68f","name":"infopal11","url":"https:\/\/www.bnreport.com\/en\/author\/infopal11\/"}]}},"amp_enabled":true,"_links":{"self":[{"href":"https:\/\/www.bnreport.com\/en\/wp-json\/wp\/v2\/posts\/131181","targetHints":{"allow":["GET"]}}],"collection":[{"href":"https:\/\/www.bnreport.com\/en\/wp-json\/wp\/v2\/posts"}],"about":[{"href":"https:\/\/www.bnreport.com\/en\/wp-json\/wp\/v2\/types\/post"}],"author":[{"embeddable":true,"href":"https:\/\/www.bnreport.com\/en\/wp-json\/wp\/v2\/users\/1"}],"replies":[{"embeddable":true,"href":"https:\/\/www.bnreport.com\/en\/wp-json\/wp\/v2\/comments?post=131181"}],"version-history":[{"count":0,"href":"https:\/\/www.bnreport.com\/en\/wp-json\/wp\/v2\/posts\/131181\/revisions"}],"wp:featuredmedia":[{"embeddable":true,"href":"https:\/\/www.bnreport.com\/en\/wp-json\/wp\/v2\/media\/131182"}],"wp:attachment":[{"href":"https:\/\/www.bnreport.com\/en\/wp-json\/wp\/v2\/media?parent=131181"}],"wp:term":[{"taxonomy":"category","embeddable":true,"href":"https:\/\/www.bnreport.com\/en\/wp-json\/wp\/v2\/categories?post=131181"},{"taxonomy":"post_tag","embeddable":true,"href":"https:\/\/www.bnreport.com\/en\/wp-json\/wp\/v2\/tags?post=131181"}],"curies":[{"name":"wp","href":"https:\/\/api.w.org\/{rel}","templated":true}]}}